{"id":4154,"date":"2017-08-04T10:04:41","date_gmt":"2017-08-04T16:04:41","guid":{"rendered":"http:\/\/asociacionama.org.gt\/?p=4154"},"modified":"2020-09-08T10:07:28","modified_gmt":"2020-09-08T16:07:28","slug":"conformacion-mesa-tecnica-prevenir-con-educacion","status":"publish","type":"post","link":"https:\/\/asociacionama.org.gt\/en\/conformacion-mesa-tecnica-prevenir-con-educacion\/","title":{"rendered":"Se conforma Mesa T\u00e9cnica \u201cPrevenir con Educaci\u00f3n\u201d Departamental de Pet\u00e9n"},"content":{"rendered":"<div class=\"wpb-content-wrapper\"><div class=\"vc_row wpb_row vc_row-fluid grop-dhav-dotted\"><div class=\"wpb_column vc_column_container text-left vc_col-sm-12\"><div class=\"vc_column-inner\"><div class=\"wpb_wrapper\"><h2 style=\"font-size: 24px;text-align: left;font-family:Roboto Slab;font-weight:700;font-style:normal\" class=\"vc_custom_heading vc_do_custom_heading\" >Mesa t\u00e9cnica \"Prevenir con Educaci\u00f3n\" con apoyo financiero del Fondo para J\u00f3venes de Centroam\u00e9rica y M\u00e9xico \u2013FONDO CAMY-<\/h2><div class=\"vc_empty_space\"   style=\"height: 32px\"><span class=\"vc_empty_space_inner\"><\/span><\/div><\/div><\/div><\/div><\/div><div class=\"vc_row wpb_row vc_row-fluid grop-dhav-dotted\"><div class=\"wpb_column vc_column_container text-left vc_col-sm-12\"><div class=\"vc_column-inner\"><div class=\"wpb_wrapper\">\n\t<div class=\"wpb_text_column wpb_content_element\" >\n\t\t<div class=\"wpb_wrapper\">\n\t\t\t<p>Con el objeto de fortalecer el marco de coordinaci\u00f3n biministerial entre el Ministerio de Educaci\u00f3n y Ministerio de Salud P\u00fablica y Asistencia Social en el departamento de Pet\u00e9n, y dar respuesta en forma multisectorial al alto \u00edndice de embarazos y violencia en ni\u00f1as, adolescentes y j\u00f3venes, se conform\u00f3 la Mesa T\u00e9cnica \u201cPrevenir con Educaci\u00f3n\u201d Departamental de Pet\u00e9n.<\/p>\n<p>Para alcanzar el objetivo la Asociaci\u00f3n AMA realizo la indecencia pol\u00edtica ante la Direcci\u00f3n Departamental de Educaci\u00f3n de Pet\u00e9n \u2013DIDEDUC- y las 3 Direcciones de \u00c1rea de Salud de Pet\u00e9n, las cuales son: \u00c1rea Sur Oriente, \u00c1rea Norte y Sur Occidente.<\/p>\n<p>En tal sentido el d\u00eda viernes 4 de agosto de 2017 se llev\u00f3 a cabo la primera reuni\u00f3n en la cual se qued\u00f3 integrada la Mesa, con la participaci\u00f3n del Director Departamental de Educaci\u00f3n, los Directores de \u00c1rea de Salud de Pet\u00e9n, con sus respectivos equipos de trabajo y Asociaci\u00f3n AMA.<\/p>\n<p>Durante la integraci\u00f3n de la Mesa T\u00e9cnica \u201cPrevenir con Educaci\u00f3n\u201d Departamental de Pet\u00e9n, se estableci\u00f3 la importancia de sociabilizar a las y los colaboradores del Ministerio de Educaci\u00f3n y Ministerio de Salud la Carta-Acuerdo \u201cPrevenir con Educaci\u00f3n\u201d 2016-2020.<\/p>\n<p>Adem\u00e1s, establecer un Plan Estrat\u00e9gico para el a\u00f1o 2018, a trav\u00e9s del cual se trace la ruta a seguir para dar respuesta en forma sectorial a alto \u00edndice de embarazos y violencia en ni\u00f1as, adolescentes y j\u00f3venes del departamento de Pet\u00e9n, Guatemala.<\/p>\n<p>Durante el presente a\u00f1o se realizar\u00e1n dos reuniones m\u00e1s para el establecimiento del Plan Estrat\u00e9gico 2018, actividad se enmarcadas dentro del proyecto AMAME Y PROTEGEME DEL EMBARAZO \u201cLiderazgo juvenil para la prevenci\u00f3n de embarazos en ni\u00f1as y adolescentes en el Sur de Pet\u00e9n.<\/p>\n<p>Dicho proyecto es ejecutado por la Asociaci\u00f3n AMA en su tercera fase, con el apoyo financiero del Fondo para J\u00f3venes de Centroam\u00e9rica y M\u00e9xico \u2013FONDO CAMY-<\/p>\n\n\t\t<\/div>\n\t<\/div>\n\n\t<div class=\"wpb_text_column wpb_content_element\" >\n\t\t<div class=\"wpb_wrapper\">\n\t\t\t\n\t\t<\/div>\n\t<\/div>\n<div class=\"vc_empty_space\"   style=\"height: 32px\"><span class=\"vc_empty_space_inner\"><\/span><\/div><\/div><\/div><\/div><\/div>\n<\/div>","protected":false},"excerpt":{"rendered":"Mesa t\u00e9cnica \"Prevenir con Educaci\u00f3n\" con apoyo financiero del Fondo para J\u00f3venes de Centroam\u00e9rica y M\u00e9xico \u2013FONDO CAMY- Con el objeto de fortalecer el marco de coordinaci\u00f3n biministerial entre el Ministerio de Educaci\u00f3n y Ministerio de Salud P\u00fablica y Asistencia Social en el departamento de Pet\u00e9n, y dar respuesta en forma multisectorial al alto \u00edndice ...","protected":false},"author":1,"featured_media":4156,"comment_status":"closed","ping_status":"closed","sticky":false,"template":"","format":"standard","meta":{"footnotes":""},"categories":[64,74],"tags":[],"class_list":["post-4154","post","type-post","status-publish","format-standard","has-post-thumbnail","hentry","category-eventos","category-institucionales"],"_links":{"self":[{"href":"https:\/\/asociacionama.org.gt\/en\/wp-json\/wp\/v2\/posts\/4154","targetHints":{"allow":["GET"]}}],"collection":[{"href":"https:\/\/asociacionama.org.gt\/en\/wp-json\/wp\/v2\/posts"}],"about":[{"href":"https:\/\/asociacionama.org.gt\/en\/wp-json\/wp\/v2\/types\/post"}],"author":[{"embeddable":true,"href":"https:\/\/asociacionama.org.gt\/en\/wp-json\/wp\/v2\/users\/1"}],"replies":[{"embeddable":true,"href":"https:\/\/asociacionama.org.gt\/en\/wp-json\/wp\/v2\/comments?post=4154"}],"version-history":[{"count":3,"href":"https:\/\/asociacionama.org.gt\/en\/wp-json\/wp\/v2\/posts\/4154\/revisions"}],"predecessor-version":[{"id":4157,"href":"https:\/\/asociacionama.org.gt\/en\/wp-json\/wp\/v2\/posts\/4154\/revisions\/4157"}],"wp:featuredmedia":[{"embeddable":true,"href":"https:\/\/asociacionama.org.gt\/en\/wp-json\/wp\/v2\/media\/4156"}],"wp:attachment":[{"href":"https:\/\/asociacionama.org.gt\/en\/wp-json\/wp\/v2\/media?parent=4154"}],"wp:term":[{"taxonomy":"category","embeddable":true,"href":"https:\/\/asociacionama.org.gt\/en\/wp-json\/wp\/v2\/categories?post=4154"},{"taxonomy":"post_tag","embeddable":true,"href":"https:\/\/asociacionama.org.gt\/en\/wp-json\/wp\/v2\/tags?post=4154"}],"curies":[{"name":"wp","href":"https:\/\/api.w.org\/{rel}","templated":true}]}}