{"id":4441,"date":"2021-01-29T12:00:03","date_gmt":"2021-01-29T18:00:03","guid":{"rendered":"http:\/\/asociacionama.org.gt\/?p=4441"},"modified":"2021-01-29T12:01:35","modified_gmt":"2021-01-29T18:01:35","slug":"firma-mp-ama-convenio","status":"publish","type":"post","link":"https:\/\/asociacionama.org.gt\/en\/firma-mp-ama-convenio\/","title":{"rendered":"Public Prosecutor's Office and AMA Association Sign Cooperation Agreement"},"content":{"rendered":"<div class=\"wpb-content-wrapper\"><div class=\"vc_row wpb_row vc_row-fluid grop-dhav-dotted\"><div class=\"wpb_column vc_column_container text-left vc_col-sm-12\"><div class=\"vc_column-inner\"><div class=\"wpb_wrapper\"><h2 style=\"font-size: 24px;text-align: left;font-family:Roboto Slab;font-weight:700;font-style:normal\" class=\"vc_custom_heading vc_do_custom_heading\" >Asociaci\u00f3n AMA fortalece alianzas estrat\u00e9gicas para seguir trabajando en la prevenci\u00f3n de la violencia contra las ni\u00f1as y mujeres guatemaltecas <\/h2><div class=\"vc_empty_space\"   style=\"height: 32px\"><span class=\"vc_empty_space_inner\"><\/span><\/div><\/div><\/div><\/div><\/div><div class=\"vc_row wpb_row vc_row-fluid grop-dhav-dotted\"><div class=\"wpb_column vc_column_container text-left vc_col-sm-12\"><div class=\"vc_column-inner\"><div class=\"wpb_wrapper\">\n\t<div class=\"wpb_text_column wpb_content_element\" >\n\t\t<div class=\"wpb_wrapper\">\n\t\t\t<p>Como parte de las estrategias para la prevenci\u00f3n de la violencia contra ni\u00f1as y mujeres Asociaci\u00f3n AMA, firm\u00f3 un convenio de cooperaci\u00f3n interinstitucional con la Oficina de Atenci\u00f3n a la Victima de la Fiscal\u00eda del Ministerio Publico en Popt\u00fan, Pet\u00e9n.<\/p>\n<p>Anabella Coc, quien coordina el proyecto \u201cEmpod\u00e9rate, incide y toma partido contra la violencia\u201d que desarrolla AMA dentro del marco de la Iniciativa VIVA Girls de MADRE, coment\u00f3 que se sienten felices, pues este convenio de cooperaci\u00f3n asegura una alianza estrat\u00e9gica con la Red de Derivaci\u00f3n Local de V\u00edctimas del Delito que preside el Ministerio Publico.<\/p>\n<p>Agrego que debido al alto \u00edndice de violencia la Asociaci\u00f3n AMA, busca ampliar alianzas estrat\u00e9gicas que le permitan seguir avanzando en la lucha contra la violencia que aqueja a las ni\u00f1as y mujeres en el departamento de Pet\u00e9n, Guatemala.<\/p>\n<p>El Observatorio Nacional de Salud Sexual y Reproductiva (OSAR) reporta que de enero a diciembre 2020, en Guatemala se contabilizaron 99,656 embarazos de ni\u00f1as adolescentes entre 10 a 19 a\u00f1os de edad, de los cuales 4,535 correspondan a ni\u00f1as adolescentes de 10 a 14 a\u00f1os. En el Sur de Pet\u00e9n, el OSAR registr\u00f3 2,094 embarazos en ni\u00f1as adolescentes de 10 a 19 a\u00f1os y de estos, 126 en ni\u00f1as de 10 a 14 a\u00f1os. Estos \u00faltimos son tipificados como delitos de violencia sexual.<\/p>\n<p>&nbsp;<\/p>\n<p>Popt\u00fan, Pet\u00e9n | Fuente y fotograf\u00eda: Asociaci\u00f3n AMA<\/p>\n\n\t\t<\/div>\n\t<\/div>\n\n\t<div class=\"wpb_text_column wpb_content_element\" >\n\t\t<div class=\"wpb_wrapper\">\n\t\t\t\n\t\t<\/div>\n\t<\/div>\n<div class=\"vc_empty_space\"   style=\"height: 32px\"><span class=\"vc_empty_space_inner\"><\/span><\/div><\/div><\/div><\/div><\/div>\n<\/div>","protected":false},"excerpt":{"rendered":"Asociaci\u00f3n AMA fortalece alianzas estrat\u00e9gicas para seguir trabajando en la prevenci\u00f3n de la violencia contra las ni\u00f1as y mujeres guatemaltecas Como parte de las estrategias para la prevenci\u00f3n de la violencia contra ni\u00f1as y mujeres Asociaci\u00f3n AMA, firm\u00f3 un convenio de cooperaci\u00f3n interinstitucional con la Oficina de Atenci\u00f3n a la Victima de la Fiscal\u00eda del ...","protected":false},"author":7,"featured_media":4444,"comment_status":"closed","ping_status":"closed","sticky":false,"template":"","format":"standard","meta":{"footnotes":""},"categories":[74],"tags":[],"class_list":["post-4441","post","type-post","status-publish","format-standard","has-post-thumbnail","hentry","category-institucionales"],"_links":{"self":[{"href":"https:\/\/asociacionama.org.gt\/en\/wp-json\/wp\/v2\/posts\/4441","targetHints":{"allow":["GET"]}}],"collection":[{"href":"https:\/\/asociacionama.org.gt\/en\/wp-json\/wp\/v2\/posts"}],"about":[{"href":"https:\/\/asociacionama.org.gt\/en\/wp-json\/wp\/v2\/types\/post"}],"author":[{"embeddable":true,"href":"https:\/\/asociacionama.org.gt\/en\/wp-json\/wp\/v2\/users\/7"}],"replies":[{"embeddable":true,"href":"https:\/\/asociacionama.org.gt\/en\/wp-json\/wp\/v2\/comments?post=4441"}],"version-history":[{"count":1,"href":"https:\/\/asociacionama.org.gt\/en\/wp-json\/wp\/v2\/posts\/4441\/revisions"}],"predecessor-version":[{"id":4442,"href":"https:\/\/asociacionama.org.gt\/en\/wp-json\/wp\/v2\/posts\/4441\/revisions\/4442"}],"wp:featuredmedia":[{"embeddable":true,"href":"https:\/\/asociacionama.org.gt\/en\/wp-json\/wp\/v2\/media\/4444"}],"wp:attachment":[{"href":"https:\/\/asociacionama.org.gt\/en\/wp-json\/wp\/v2\/media?parent=4441"}],"wp:term":[{"taxonomy":"category","embeddable":true,"href":"https:\/\/asociacionama.org.gt\/en\/wp-json\/wp\/v2\/categories?post=4441"},{"taxonomy":"post_tag","embeddable":true,"href":"https:\/\/asociacionama.org.gt\/en\/wp-json\/wp\/v2\/tags?post=4441"}],"curies":[{"name":"wp","href":"https:\/\/api.w.org\/{rel}","templated":true}]}}