{"id":4536,"date":"2021-05-03T17:17:45","date_gmt":"2021-05-03T23:17:45","guid":{"rendered":"http:\/\/asociacionama.org.gt\/?p=4536"},"modified":"2021-07-01T16:13:44","modified_gmt":"2021-07-01T22:13:44","slug":"ama-circulos-formacion-interactiva-fortalecer-habilidades","status":"publish","type":"post","link":"https:\/\/asociacionama.org.gt\/en\/ama-circulos-formacion-interactiva-fortalecer-habilidades\/","title":{"rendered":"Asociaci\u00f3n AMA da inicio a los C\u00edrculos de Formaci\u00f3n Interactiva para fortalecer las habilidades para la vida de mujeres j\u00f3venes"},"content":{"rendered":"<div class=\"wpb-content-wrapper\"><div class=\"vc_row wpb_row vc_row-fluid grop-dhav-dotted\"><div class=\"wpb_column vc_column_container text-left vc_col-sm-12\"><div class=\"vc_column-inner\"><div class=\"wpb_wrapper\"><h2 style=\"font-size: 24px;text-align: left;font-family:Roboto Slab;font-weight:700;font-style:normal\" class=\"vc_custom_heading vc_do_custom_heading\" >Asociaci\u00f3n AMA en alianza con Women Win y la Fundaci\u00f3n Gap inician el Programa PACE (Desarrollo Personal y Fortalecimiento Profesional) con mujeres j\u00f3venes de Popt\u00fan y Dolores, Pet\u00e9n, Guatemala.<\/h2><div class=\"vc_empty_space\"   style=\"height: 32px\"><span class=\"vc_empty_space_inner\"><\/span><\/div><\/div><\/div><\/div><\/div><div class=\"vc_row wpb_row vc_row-fluid grop-dhav-dotted\"><div class=\"wpb_column vc_column_container text-left vc_col-sm-12\"><div class=\"vc_column-inner\"><div class=\"wpb_wrapper\">\n\t<div class=\"wpb_text_column wpb_content_element\" >\n\t\t<div class=\"wpb_wrapper\">\n\t\t\t<p>El pasado 29 de abril dieron inicio los c\u00edrculos de formaci\u00f3n interactiva con mujeres j\u00f3venes de los municipios de Popt\u00fan y Dolores Pet\u00e9n, Guatemala, en dichos c\u00edrculos se abordan\u00a0 temas de comunicaci\u00f3n, resoluci\u00f3n de problemas y toma de decisiones, manejo del tiempo y el estr\u00e9s y la salud en las mujeres con el fin de mejorar sus habilidades para la vida y que puedan empoderarse de sus derechos.<\/p>\n<p>Vemos con alegr\u00eda la aceptaci\u00f3n que han tenido los c\u00edrculos de formaci\u00f3n en nuestras participantes ya que con cada sesi\u00f3n ellas van perdiendo el temor de participar y expresar sus ideas y opiniones pues \u00a0ahora \u00a0\u00a0ellas van contando sus experiencias lo que enriquece nuestros c\u00edrculos de formaci\u00f3n y nos demuestra que est\u00e1n recibiendo las herramientas necesarias para afrontar los retos que la vida les presente. Coment\u00f3 Yuri Saavedra\u00a0 facilitadora de Asociaci\u00f3n\u00a0 AMA.<\/p>\n<p>En la primera sesi\u00f3n que tuvimos con nuestras participantes tambi\u00e9n se les hizo entrega de un cuadernillo de trabajo con la finalidad de que las participantes puedan seguir aprendiendo desde casa, ya que el objetivo de estos C\u00edrculos es mejorar las habilidades para la vida de las participantes, y que sepan superar los desaf\u00edos que se les presenten. comento Jaqueline Caseres, Facilitadora de AMA.<\/p>\n<p>Debido a la pandemia provocada por el COVID-19 se tuvo que reducir la cantidad de nuestras participantes ya que debemos cuidar la salud tanto de ellas como de nuestras colaboradoras, pero aun as\u00ed vemos como las se\u00f1oritas est\u00e1n respondiendo\u00a0 de manera positiva a nuestro programa de formaci\u00f3n, expres\u00f3 Leslie Mej\u00eda, Directora Ejecutiva de Asociaci\u00f3n AMA.<\/p>\n<p>El programa PACE (Desarrollo Personal y Fortalecimiento Profesional) es un programa de Asociaci\u00f3n AMA en alianza con Women Win y la Fundaci\u00f3n GAP.<\/p>\n<p>&nbsp;<\/p>\n<p>&nbsp;<\/p>\n<p>Popt\u00fan, Pet\u00e9n | Fuente y fotograf\u00eda: Asociaci\u00f3n AMA<\/p>\n\n\t\t<\/div>\n\t<\/div>\n\n\t<div class=\"wpb_text_column wpb_content_element\" >\n\t\t<div class=\"wpb_wrapper\">\n\t\t\t\n\t\t<\/div>\n\t<\/div>\n<\/div><\/div><\/div><\/div>\n<\/div>","protected":false},"excerpt":{"rendered":"Asociaci\u00f3n AMA en alianza con Women Win y la Fundaci\u00f3n Gap inician el Programa PACE (Desarrollo Personal y Fortalecimiento Profesional) con mujeres j\u00f3venes de Popt\u00fan y Dolores, Pet\u00e9n, Guatemala. El pasado 29 de abril dieron inicio los c\u00edrculos de formaci\u00f3n interactiva con mujeres j\u00f3venes de los municipios de Popt\u00fan y Dolores Pet\u00e9n, Guatemala, en dichos ...","protected":false},"author":7,"featured_media":4537,"comment_status":"closed","ping_status":"closed","sticky":false,"template":"","format":"standard","meta":{"footnotes":""},"categories":[73],"tags":[],"class_list":["post-4536","post","type-post","status-publish","format-standard","has-post-thumbnail","hentry","category-ninas-adolescentes"],"_links":{"self":[{"href":"https:\/\/asociacionama.org.gt\/en\/wp-json\/wp\/v2\/posts\/4536","targetHints":{"allow":["GET"]}}],"collection":[{"href":"https:\/\/asociacionama.org.gt\/en\/wp-json\/wp\/v2\/posts"}],"about":[{"href":"https:\/\/asociacionama.org.gt\/en\/wp-json\/wp\/v2\/types\/post"}],"author":[{"embeddable":true,"href":"https:\/\/asociacionama.org.gt\/en\/wp-json\/wp\/v2\/users\/7"}],"replies":[{"embeddable":true,"href":"https:\/\/asociacionama.org.gt\/en\/wp-json\/wp\/v2\/comments?post=4536"}],"version-history":[{"count":2,"href":"https:\/\/asociacionama.org.gt\/en\/wp-json\/wp\/v2\/posts\/4536\/revisions"}],"predecessor-version":[{"id":4544,"href":"https:\/\/asociacionama.org.gt\/en\/wp-json\/wp\/v2\/posts\/4536\/revisions\/4544"}],"wp:featuredmedia":[{"embeddable":true,"href":"https:\/\/asociacionama.org.gt\/en\/wp-json\/wp\/v2\/media\/4537"}],"wp:attachment":[{"href":"https:\/\/asociacionama.org.gt\/en\/wp-json\/wp\/v2\/media?parent=4536"}],"wp:term":[{"taxonomy":"category","embeddable":true,"href":"https:\/\/asociacionama.org.gt\/en\/wp-json\/wp\/v2\/categories?post=4536"},{"taxonomy":"post_tag","embeddable":true,"href":"https:\/\/asociacionama.org.gt\/en\/wp-json\/wp\/v2\/tags?post=4536"}],"curies":[{"name":"wp","href":"https:\/\/api.w.org\/{rel}","templated":true}]}}