{"id":4786,"date":"2022-08-15T11:59:58","date_gmt":"2022-08-15T17:59:58","guid":{"rendered":"http:\/\/asociacionama.org.gt\/?p=4786"},"modified":"2022-08-22T15:06:55","modified_gmt":"2022-08-22T21:06:55","slug":"ama-alianza-procuraduria-derechos-humanos-estudio-vidas-silenciadas","status":"publish","type":"post","link":"https:\/\/asociacionama.org.gt\/en\/ama-alianza-procuraduria-derechos-humanos-estudio-vidas-silenciadas\/","title":{"rendered":"AMA  y la Procuradur\u00eda de los Derechos Humanos presentaron el estudio \u00abVidas Silenciadas\u00bb de FLACSO Guatemala"},"content":{"rendered":"<div class=\"wpb-content-wrapper\"><div class=\"vc_row wpb_row vc_row-fluid grop-dhav-dotted\"><div class=\"wpb_column vc_column_container text-left vc_col-sm-12\"><div class=\"vc_column-inner\"><div class=\"wpb_wrapper\"><h2 style=\"font-size: 24px;text-align: left;font-family:Roboto Slab;font-weight:700;font-style:normal\" class=\"vc_custom_heading vc_do_custom_heading\" >AMA en alianza con la Procuradur\u00eda de los Derechos Humanos de Popt\u00fan presentaron el estudio \u201cVidas Silenciadas\u201d una investigaci\u00f3n sobre el suicidio en adolescentes embarazadas.<\/h2><div class=\"vc_empty_space\"   style=\"height: 32px\"><span class=\"vc_empty_space_inner\"><\/span><\/div><\/div><\/div><\/div><\/div><div class=\"vc_row wpb_row vc_row-fluid grop-dhav-dotted\"><div class=\"wpb_column vc_column_container text-left vc_col-sm-12\"><div class=\"vc_column-inner\"><div class=\"wpb_wrapper\">\n\t<div class=\"wpb_text_column wpb_content_element\" >\n\t\t<div class=\"wpb_wrapper\">\n\t\t\t<p>El pasado 08 de agosto \u00a0Asociaci\u00f3n AMA en alianza con la Procuradur\u00eda de los Derechos Humanos de Popt\u00fan, llev\u00f3 a cabo la presentaci\u00f3n del estudio \u201cVidas Silenciadas\u201d una investigaci\u00f3n sobre el suicidio en adolescentes embarazadas.<\/p>\n<p>\"Silenced Lives\" is a study conducted by FLACSO Guatemala, which addresses the suicide of pregnant adolescents, many of whom have been victims of sexual violence, leading them to take their own lives.<\/p>\n<p>En la presentaci\u00f3n de estudio\u00a0 Vidas Silenciadas se cont\u00f3 con la participaci\u00f3n de ni\u00f1as adolescentes, lideresas locales, organizaciones de sociedad civil y coordinadoras de las oficinas municipales de protecci\u00f3n a la ni\u00f1ez, adolescencia y juventud del Sur de Pet\u00e9n. Dicho estudio es una investigaci\u00f3n de suicidios en adolescentes embarazadas realizado por FLACSO Guatemala y fue presentado en el Sur de Pet\u00e9n en alianza con la PDH de Popt\u00fan y el apoyo financiero de Global Fund For Children.<\/p>\n<p>Para nosotros es muy importante contar con la presencia de ni\u00f1as que est\u00e1n participando en nuestros programas ya que al estar presentes ellas en esta actividad tambi\u00e9n se informan, conocen lo que muchas adolescentes han vivido y\u00a0 pueden compartir lo que est\u00e1n aprendiendo con otras ni\u00f1as de sus establecimientos y comunidades para evitar que sigan habiendo suicidios de ni\u00f1as y adolescentes embarazadas a causa de la violencia. Expres\u00f3 Leslie Mej\u00eda, directora ejecutiva de AMA<\/p>\n<p>&nbsp;<\/p>\n<p>&nbsp;<\/p>\n<p>Popt\u00fan, Pet\u00e9n | Fuente y fotograf\u00eda: Asociaci\u00f3n AMA<\/p>\n\n\t\t<\/div>\n\t<\/div>\n\n\t<div class=\"wpb_text_column wpb_content_element\" >\n\t\t<div class=\"wpb_wrapper\">\n\t\t\t\n\t\t<\/div>\n\t<\/div>\n<\/div><\/div><\/div><\/div>\n<\/div>","protected":false},"excerpt":{"rendered":"AMA en alianza con la Procuradur\u00eda de los Derechos Humanos de Popt\u00fan presentaron el estudio \u201cVidas Silenciadas\u201d una investigaci\u00f3n sobre el suicidio en adolescentes embarazadas. El pasado 08 de agosto \u00a0Asociaci\u00f3n AMA en alianza con la Procuradur\u00eda de los Derechos Humanos de Popt\u00fan, llev\u00f3 a cabo la presentaci\u00f3n del estudio \u201cVidas Silenciadas\u201d una investigaci\u00f3n sobre ...","protected":false},"author":7,"featured_media":4787,"comment_status":"closed","ping_status":"closed","sticky":false,"template":"","format":"standard","meta":{"footnotes":""},"categories":[74,75,73],"tags":[],"class_list":["post-4786","post","type-post","status-publish","format-standard","has-post-thumbnail","hentry","category-institucionales","category-juventudes","category-ninas-adolescentes"],"_links":{"self":[{"href":"https:\/\/asociacionama.org.gt\/en\/wp-json\/wp\/v2\/posts\/4786","targetHints":{"allow":["GET"]}}],"collection":[{"href":"https:\/\/asociacionama.org.gt\/en\/wp-json\/wp\/v2\/posts"}],"about":[{"href":"https:\/\/asociacionama.org.gt\/en\/wp-json\/wp\/v2\/types\/post"}],"author":[{"embeddable":true,"href":"https:\/\/asociacionama.org.gt\/en\/wp-json\/wp\/v2\/users\/7"}],"replies":[{"embeddable":true,"href":"https:\/\/asociacionama.org.gt\/en\/wp-json\/wp\/v2\/comments?post=4786"}],"version-history":[{"count":2,"href":"https:\/\/asociacionama.org.gt\/en\/wp-json\/wp\/v2\/posts\/4786\/revisions"}],"predecessor-version":[{"id":4789,"href":"https:\/\/asociacionama.org.gt\/en\/wp-json\/wp\/v2\/posts\/4786\/revisions\/4789"}],"wp:featuredmedia":[{"embeddable":true,"href":"https:\/\/asociacionama.org.gt\/en\/wp-json\/wp\/v2\/media\/4787"}],"wp:attachment":[{"href":"https:\/\/asociacionama.org.gt\/en\/wp-json\/wp\/v2\/media?parent=4786"}],"wp:term":[{"taxonomy":"category","embeddable":true,"href":"https:\/\/asociacionama.org.gt\/en\/wp-json\/wp\/v2\/categories?post=4786"},{"taxonomy":"post_tag","embeddable":true,"href":"https:\/\/asociacionama.org.gt\/en\/wp-json\/wp\/v2\/tags?post=4786"}],"curies":[{"name":"wp","href":"https:\/\/api.w.org\/{rel}","templated":true}]}}