{"id":4872,"date":"2022-11-11T09:53:04","date_gmt":"2022-11-11T15:53:04","guid":{"rendered":"http:\/\/asociacionama.org.gt\/?p=4872"},"modified":"2022-11-11T09:53:18","modified_gmt":"2022-11-11T15:53:18","slug":"seguridad-alimentaria-ninasadolescentes-ama","status":"publish","type":"post","link":"https:\/\/asociacionama.org.gt\/en\/seguridad-alimentaria-ninasadolescentes-ama\/","title":{"rendered":"La seguridad alimentaria y nutricional de las ni\u00f1as adolescentes es prioridad para Asociaci\u00f3n AMA"},"content":{"rendered":"<div class=\"wpb-content-wrapper\"><div class=\"vc_row wpb_row vc_row-fluid grop-dhav-dotted\"><div class=\"wpb_column vc_column_container text-left vc_col-sm-12\"><div class=\"vc_column-inner\"><div class=\"wpb_wrapper\"><h2 style=\"font-size: 24px;text-align: left;font-family:Roboto Slab;font-weight:700;font-style:normal\" class=\"vc_custom_heading vc_do_custom_heading\" >AMA realiza entrega de bolsas de alimentos y kit de higiene a ni\u00f1as adolescentes maya Q\u00b4eqchi\u00b4 y mestizas del programa \u201cJuega por tu educaci\u00f3n\u201d <\/h2><div class=\"vc_empty_space\"   style=\"height: 32px\"><span class=\"vc_empty_space_inner\"><\/span><\/div><\/div><\/div><\/div><\/div><div class=\"vc_row wpb_row vc_row-fluid grop-dhav-dotted\"><div class=\"wpb_column vc_column_container text-left vc_col-sm-12\"><div class=\"vc_column-inner\"><div class=\"wpb_wrapper\">\n\t<div class=\"wpb_text_column wpb_content_element\" >\n\t\t<div class=\"wpb_wrapper\">\n\t\t\t<p>Para que la curva de aprendizaje sea alta sobre todo en las etapas de la ni\u00f1ez y adolescencia, es necesaria una alimentaci\u00f3n completa y balanceada, sin embargo, en el caso de Guatemala y el departamento de Pet\u00e9n, este se ve afectado por las recientes crisis de salud, clim\u00e1ticas y econ\u00f3micas que han aumentado los riesgos,\u00a0 desigualdades y la pobreza en las familias guatemaltecas donde se incluye a las familias de las ni\u00f1as adolescentes que participan en los programas de Asociaci\u00f3n AMA.<\/p>\n<p>Por lo que, con el objeto de fortalecer su seguridad alimentaria y nutricional, este 10 de noviembre se realiz\u00f3 la entrega de bolsas de alimentos y kit de higiene a las ni\u00f1as adolescentes participantes del programa \u00abJuega por tu educaci\u00f3n\u201d en 2 escuelas del municipio de Popt\u00fan, Pet\u00e9n, Guatemala.<\/p>\n<p>\u201cAl contribuir a la seguridad alimentaria y nutricional tambi\u00e9n se aporta a la econom\u00eda de los padres, se favorece el rendimiento escolar de las ni\u00f1as adolescentes mientras se obtiene un buen retenimiento de la informaci\u00f3n impartida en las sesiones de formaci\u00f3n interactiva del programa antes mencionado y a su vez se fortalece la permanencia en la escuela. Esto se realiz\u00f3 en alianza con Global Fund for Children y la Direcci\u00f3n Departamental de Educaci\u00f3n de Pet\u00e9n\u201d Leslie Mej\u00eda, Directora ejecutiva de AMA.<\/p>\n<p>Popt\u00fan, Pet\u00e9n | Fuente y fotograf\u00eda: Asociaci\u00f3n AMA<\/p>\n\n\t\t<\/div>\n\t<\/div>\n\n\t<div class=\"wpb_text_column wpb_content_element\" >\n\t\t<div class=\"wpb_wrapper\">\n\t\t\t\n\t\t<\/div>\n\t<\/div>\n<\/div><\/div><\/div><\/div>\n<\/div>","protected":false},"excerpt":{"rendered":"AMA realiza entrega de bolsas de alimentos y kit de higiene a ni\u00f1as adolescentes maya Q\u00b4eqchi\u00b4 y mestizas del programa \u201cJuega por tu educaci\u00f3n\u201d Para que la curva de aprendizaje sea alta sobre todo en las etapas de la ni\u00f1ez y adolescencia, es necesaria una alimentaci\u00f3n completa y balanceada, sin embargo, en el caso de ...","protected":false},"author":7,"featured_media":4873,"comment_status":"closed","ping_status":"closed","sticky":false,"template":"","format":"standard","meta":{"footnotes":""},"categories":[74,73],"tags":[],"class_list":["post-4872","post","type-post","status-publish","format-standard","has-post-thumbnail","hentry","category-institucionales","category-ninas-adolescentes"],"_links":{"self":[{"href":"https:\/\/asociacionama.org.gt\/en\/wp-json\/wp\/v2\/posts\/4872","targetHints":{"allow":["GET"]}}],"collection":[{"href":"https:\/\/asociacionama.org.gt\/en\/wp-json\/wp\/v2\/posts"}],"about":[{"href":"https:\/\/asociacionama.org.gt\/en\/wp-json\/wp\/v2\/types\/post"}],"author":[{"embeddable":true,"href":"https:\/\/asociacionama.org.gt\/en\/wp-json\/wp\/v2\/users\/7"}],"replies":[{"embeddable":true,"href":"https:\/\/asociacionama.org.gt\/en\/wp-json\/wp\/v2\/comments?post=4872"}],"version-history":[{"count":1,"href":"https:\/\/asociacionama.org.gt\/en\/wp-json\/wp\/v2\/posts\/4872\/revisions"}],"predecessor-version":[{"id":4874,"href":"https:\/\/asociacionama.org.gt\/en\/wp-json\/wp\/v2\/posts\/4872\/revisions\/4874"}],"wp:featuredmedia":[{"embeddable":true,"href":"https:\/\/asociacionama.org.gt\/en\/wp-json\/wp\/v2\/media\/4873"}],"wp:attachment":[{"href":"https:\/\/asociacionama.org.gt\/en\/wp-json\/wp\/v2\/media?parent=4872"}],"wp:term":[{"taxonomy":"category","embeddable":true,"href":"https:\/\/asociacionama.org.gt\/en\/wp-json\/wp\/v2\/categories?post=4872"},{"taxonomy":"post_tag","embeddable":true,"href":"https:\/\/asociacionama.org.gt\/en\/wp-json\/wp\/v2\/tags?post=4872"}],"curies":[{"name":"wp","href":"https:\/\/api.w.org\/{rel}","templated":true}]}}